{"id":15009,"date":"2024-01-17T10:00:52","date_gmt":"2024-01-17T09:00:52","guid":{"rendered":"https:\/\/immobiliaremoretti.it\/?p=15009"},"modified":"2024-03-10T21:51:05","modified_gmt":"2024-03-10T20:51:05","slug":"carneval-di-mat","status":"publish","type":"post","link":"https:\/\/immobiliaremoretti.it\/en\/cultura-tradizione\/carneval-di-mat\/","title":{"rendered":"Carnev\u00e0l di Mat"},"content":{"rendered":"<p style=\"text-align: justify;\">Domenica 11 febbraio torna a Bormio il tradizionale Carnev\u00e0l di Mat, dove la tradizione incontra goliardia e divertimento per la gioia di abitanti e turisti.<\/p>\n<p style=\"text-align: justify;\">LA TRADIZIONE DEL CARNEV\u00c0L DI MAT<br \/>\nIl Carnev\u00e0l di Mat \u00e8 una tradizione antichissima che non ha eguali altrove. La giovent\u00f9 del paese individuava il Podest\u00e0 di Mat (Podest\u00e0 dei Matti), principe eletto per burla che si sarebbe sostituito temporaneamente al Podest\u00e0 grigione che governava il paese. Il suo regno durava una settimana durante la quale il potere era sospeso e l\u2019unica regola era quella di vivere nel piacere e nel divertimento con il divieto di dedicarsi alle cose serie. La pubblica investitura avveniva il marted\u00ec dell\u2019ultima settimana di carnevale. Un lungo corteo carnevalesco, composto dai lacch\u00e8, i musici, la brigata dei matti a cavallo, il Dottore e l\u2019Arlecchino, accompagnava il Podest\u00e0 dalla sua abitazione sino alla piazza del Kuerc. Qui avveniva la nomina con un discorso, letto dal Dottore e ripetuto ad alta voce dall\u2019Arlecchino, avente per oggetto i difetti fisici e morali, pubblici e privati dell\u2019eletto. Seguiva la trascrizione degli ordini in suo nome condita da storielle riguardanti persone e avvenimenti del Contado. In questo modo si rendeva pubblico tutto quanto era avvenuto nel corso dell\u2019anno, sia il conosciuto sia ci\u00f2 che volutamente era stato taciuto. Durante la settimana di regno, il Podest\u00e0 e la sua compagnia dei matti, riscuotevano tasse e raccoglievano doni nelle valli circostanti e in Bormio. Il sabato prima della fine del periodo di potere, ci si incontrava in piazza per cucinare la polenta da distribuire ai poveri.<\/p>\n<p style=\"text-align: justify;\">CARNEV\u00c0L DI MAT OGGI<br \/>\nLa manifestazione odierna del Carnevale \u00e8 una rivisitazione della Funzione dei Matti di un tempo: il Podest\u00e0 di Mat prende simbolicamente il posto del Sindaco di Bormio per un giorno e l\u2019Arlecchino, con la Compagnia di Mat, legge pubblicamente pettegolezzi e lamentele deposte in forma anonima dai cittadini nel corso dell\u2019anno nell\u2019apposita cassetta collocata in piazza del Kuerc. A seguire, la polenta dei poveri e, nel pomeriggio, gli Arlecchini e il Podest\u00e0 dei Matti accompagnano le mascherine dei bambini fino in piazza per giocare e divertirsi e, per i pi\u00f9 temerari, per cercare di scalare il palo della cuccagna.<\/p>\n<p style=\"text-align: justify;\">PROGRAMMA DEL CARNEVALE DI BORMIO 2024<br \/>\nore 11.15<br \/>\nSpodestamento del Sindaco, incoronazione del Podesc&#8217;t\u00e0 di Mat e lettura della P\u00f2sc&#8217;t\u00e0 di Mat<\/p>\n<p>ore 13.00<br \/>\nPolentata dei poveri<\/p>\n","protected":false},"excerpt":{"rendered":"<p>Domenica 11 febbraio torna a Bormio il tradizionale Carnev\u00e0l di Mat, dove la tradizione incontra goliardia e divertimento per la gioia di abitanti e turisti. LA TRADIZIONE DEL CARNEV\u00c0L DI[&hellip;]<\/p>\n<p><\/a><\/p>\n","protected":false},"author":4,"featured_media":15010,"comment_status":"closed","ping_status":"closed","sticky":false,"template":"","format":"standard","meta":{"_acf_changed":false,"footnotes":""},"categories":[7,8],"tags":[],"class_list":["post-15009","post","type-post","status-publish","format-standard","has-post-thumbnail","hentry","category-cultura-tradizione","category-eventi"],"acf":[],"aioseo_notices":[],"_links":{"self":[{"href":"https:\/\/immobiliaremoretti.it\/en\/wp-json\/wp\/v2\/posts\/15009","targetHints":{"allow":["GET"]}}],"collection":[{"href":"https:\/\/immobiliaremoretti.it\/en\/wp-json\/wp\/v2\/posts"}],"about":[{"href":"https:\/\/immobiliaremoretti.it\/en\/wp-json\/wp\/v2\/types\/post"}],"author":[{"embeddable":true,"href":"https:\/\/immobiliaremoretti.it\/en\/wp-json\/wp\/v2\/users\/4"}],"replies":[{"embeddable":true,"href":"https:\/\/immobiliaremoretti.it\/en\/wp-json\/wp\/v2\/comments?post=15009"}],"version-history":[{"count":1,"href":"https:\/\/immobiliaremoretti.it\/en\/wp-json\/wp\/v2\/posts\/15009\/revisions"}],"predecessor-version":[{"id":15011,"href":"https:\/\/immobiliaremoretti.it\/en\/wp-json\/wp\/v2\/posts\/15009\/revisions\/15011"}],"wp:featuredmedia":[{"embeddable":true,"href":"https:\/\/immobiliaremoretti.it\/en\/wp-json\/wp\/v2\/media\/15010"}],"wp:attachment":[{"href":"https:\/\/immobiliaremoretti.it\/en\/wp-json\/wp\/v2\/media?parent=15009"}],"wp:term":[{"taxonomy":"category","embeddable":true,"href":"https:\/\/immobiliaremoretti.it\/en\/wp-json\/wp\/v2\/categories?post=15009"},{"taxonomy":"post_tag","embeddable":true,"href":"https:\/\/immobiliaremoretti.it\/en\/wp-json\/wp\/v2\/tags?post=15009"}],"curies":[{"name":"wp","href":"https:\/\/api.w.org\/{rel}","templated":true}]}}